{"id":1081,"date":"2018-10-17T09:44:42","date_gmt":"2018-10-17T09:44:42","guid":{"rendered":"http:\/\/www.radirofestival.ro\/?p=1081"},"modified":"2018-11-04T18:08:00","modified_gmt":"2018-11-04T18:08:00","slug":"unicul-festival-din-lume-dedicat-orchestrelor-radio-radiro-2018-incepe-pe-18-noiembrie","status":"publish","type":"post","link":"https:\/\/www.radirofestival.ro\/?p=1081","title":{"rendered":"Unicul festival din lume dedicat orchestrelor radio:  \u201dRadiRo\u201d 2018 incepe pe 18 noiembrie!"},"content":{"rendered":"<p><img loading=\"lazy\" class=\"alignnone size-full wp-image-1082\" src=\"https:\/\/www.radirofestival.ro\/wp-content\/uploads\/2018\/10\/POSTER-RADIRO-2018.jpg\" alt=\"\" width=\"1701\" height=\"2355\" srcset=\"https:\/\/www.radirofestival.ro\/wp-content\/uploads\/2018\/10\/POSTER-RADIRO-2018.jpg 1701w, https:\/\/www.radirofestival.ro\/wp-content\/uploads\/2018\/10\/POSTER-RADIRO-2018-217x300.jpg 217w, https:\/\/www.radirofestival.ro\/wp-content\/uploads\/2018\/10\/POSTER-RADIRO-2018-768x1063.jpg 768w, https:\/\/www.radirofestival.ro\/wp-content\/uploads\/2018\/10\/POSTER-RADIRO-2018-740x1024.jpg 740w\" sizes=\"(max-width: 1701px) 100vw, 1701px\" \/><\/p>\n<p><span style=\"color: #ff9900;\">Festivalul Interna\u021bional al Orchestrelor Radio \u201dRadiRo\u201d &#8211; edi\u021bia a IV-a \u2013 eveniment produs \u0219i organizat de Radio Rom\u00e2nia &#8211; are o semnifica\u021bie special\u0103 \u00een acest an, fiind dedicat deopotriv\u0103 anivers\u0103rii a 90 de ani de existen\u021b\u0103 a postului public de radio \u0219i marc\u0103rii Centenarului Rom\u00e2niei. Ansamblurile invitate, reprezent\u00e2nd radiodifuziuni de prestigiu din Europa, vin la Bucure\u0219ti cu programe extrem de atractive, al\u0103turi soli\u0219ti \u0219i dirijori ce se afl\u0103 la apogeul carierei lor interna\u021bionale, onor\u00e2nd astfel prestigiul festivalului.\u201d<\/span><\/p>\n<p><span style=\"color: #ff9900;\">\u00a0\u00a0\u00a0\u00a0\u00a0\u00a0\u00a0\u00a0\u00a0\u00a0\u00a0\u00a0\u00a0\u00a0\u00a0\u00a0\u00a0\u00a0\u00a0\u00a0\u00a0\u00a0\u00a0\u00a0\u00a0\u00a0\u00a0\u00a0\u00a0\u00a0\u00a0\u00a0\u00a0\u00a0\u00a0\u00a0\u00a0\u00a0\u00a0\u00a0\u00a0\u00a0\u00a0\u00a0\u00a0\u00a0\u00a0\u00a0\u00a0\u00a0\u00a0\u00a0\u00a0\u00a0\u00a0\u00a0\u00a0\u00a0\u00a0\u00a0\u00a0\u00a0\u00a0\u00a0\u00a0\u00a0\u00a0\u00a0 \u00a0\u2013 LILIANA STAICU,\u00a0 Director Orchestrele \u0219i Corurile Radio Rom\u00e2nia<\/span><\/p>\n<p>&nbsp;<\/p>\n<p>Doar o lun\u0103 ne desparte de debutul singurului festival din lume dedicat orchestrelor radio\u00a0: \u00a0\u00a0\u00a0\u00a0\u00a0\u00a0\u00a0\u00a0\u00a0\u00a0\u00a0\u00a0\u00a0<strong>\u201dRadiRo\u201d<\/strong> &#8211; <strong>Festivalul Interna\u021bional al Orchestrelor Radio<\/strong>, un eveniment produs \u0219i organizat de<strong> Radio Rom\u00e2nia<\/strong>. Cea de-a IV-a edi\u021bie a festivalului \u2013 prezentat o dat\u0103 la 2 ani &#8211; se va desf\u0103\u0219ura \u00eentre <strong>18 \u0219i 25 noiembrie 2018 <\/strong>\u0219i va aduce \u00een fa\u021ba publicului din Rom\u00e2nia c\u00e2teva dintre cele mai prestigioase orchestre europene.<\/p>\n<p>O premier\u0103 la aceast\u0103 edi\u021bie a Festivalului \u201dRadiRo\u201d este reprezentat\u0103 de noua sec\u021biune de jazz, care va completa programul simfonic cu care este deja obi\u0219nuit publicul rom\u00e2n. Cele 8 concerte de muzic\u0103 clasic\u0103 se vor desf\u0103\u0219ura la Sala Radio, iar cele 4 concerte de jazz vor fi prezentate la Sala\u00a0Auditorium\u00a0&#8211; MNAR\u00a0 (Muzeul Na\u021bional de Art\u0103 al Rom\u00e2niei).<\/p>\n<p>\u201dRadiRo\u201d 2018 va \u00eensemna \u0219ansa iubitorilor de muzic\u0103 din Rom\u00e2nia s\u0103 asculte la Bucure\u0219ti celebra \u00a0\u00a0\u00a0\u00a0\u00a0\u00a0BBC Philharmonic Orchestra (Marea Britanie), care va prezenta dou\u0103 concerte la Sala Radio (22, 23 noiembrie), sub bagheta dirijorilor Moritz Gnann, respectiv Ben Gernon \u0219i cu participarea soli\u0219tilor Andrei Ioni\u021b\u0103 (violoncel) \u0219i Krist\u00f3f Bar\u00e1ti (vioar\u0103).<\/p>\n<p>De asemenea, Orchestra Simfonic\u0103 a Radiodifuziunii MDR din Leipzig (Germania) &#8211; cea mai veche orchestr\u0103 radio european\u0103 &#8211; va sus\u021bine dou\u0103 concerte \u00een cadrul Festivalului \u201dRadiRo\u201d 2018 (19, 20 noiembrie), ambele derulate sub bagheta dirijorului Robert Trevino, prilej de a aprecia doi soli\u0219ti de excep\u021bie: violonista Simone Lamsma \u0219i pianistul Mihai Ritivoiu. \u00cen plus, alte dou\u0103 importante ansambluri europene vor evolua \u00een cadrul festivalului: Orchestra Simfonic\u0103 a Radioteleviziunii Irlandeze (RT\u00c9 National Symphony Orchestra) \u0219i Orchestra Radiodifuziunii Elve\u021biei Italiene (Orchestra de la Svizzera Italiana) din Lugano, al\u0103turi de \u201dgazda\u201d \u00a0\u00a0\u00a0eveni\u00admentului, Orchestra Na\u021bional\u0103 Radio Rom\u00e2nia.<\/p>\n<p>Un repertoriu extrem de atractiv \u0219i de variat se reg\u0103se\u0219te pe afi\u0219ul evenimentului\u00a0: <strong>Maurice Ravel <\/strong>&#8211; Suita \u201eDaphnis \u0219i Chlo\u00e9\u201d, <strong>Claude Debussy<\/strong> \u2013 \u201dPreludiu la dup\u0103-amiaza unui faun\u201d, <strong>Gustav Mahler<\/strong> &#8211; Simfonia a V-a, <strong>Piotr Ilici Ceaikovski <\/strong>&#8211; Uvertura fantezie \u201eRomeo \u0219i Julieta\u201d, <strong>Nikolai Rimski-Korsakov<\/strong> &#8211; Suita simfonic\u0103 \u201e\u0218eherazada\u201d, <strong>Wolfgang Amadeus Mozart <\/strong>&#8211; Uvertura operei \u201eNunta lui Figaro\u201d, al\u0103turi de cele dou\u0103 rapsodii semnate de George Enescu sau de lucr\u0103ri de valoare, mai rar interpretate, ca Poemul simfonic \u201eO via\u021b\u0103 de erou\u201d &#8211; <strong>Richard Strauss<\/strong>, \u00a0Concertul nr. 2 pentru vioar\u0103 \u0219i orchestr\u0103 &#8211; <strong>B\u00e9la Bart\u00f3k <\/strong>sau Simfonia a II-a<strong> &#8211; Serghei Rachmaninov<\/strong>.<\/p>\n<p>Seria de concerte de jazz \u00a0va fi sus\u021binut\u0103 de Big Band-uri ale \u00a0radio-difuziunilor publice din Danemarca, Croa\u021bia \u0219i bine\u00een\u021be\u00adles, Rom\u00e2nia. Vedeta acestei serii de concerte va fi Aura Urziceanu, care va reveni \u00een Rom\u00e2nia dup\u0103 mai mul\u021bi ani, special pentru a c\u00e2nta \u00een fa\u021ba publicului Festivalului \u201dRadiRo\u201d, al\u0103turi de Big Band-ul Radio Rom\u00e2nia.<\/p>\n<p><strong>Toate concertele festivalului sunt transmise live de Radio Rom\u00e2nia, \u00eenregistrate \u0219i difuzate ulterior de Televiziunea Rom\u00e2n\u0103 \u0219i difuzate, de asemenea, de toate radiodifuziunile membre ale Uniunii Europene de Radio.<\/strong><\/p>\n<p><strong>Pentru alte informa\u0163ii legate de \u00a0RadiRo 2018 v\u0103 rug\u0103m s\u0103 consulta\u0163i site-ul <u><a href=\"http:\/\/www.radirofestival.ro\">www.radirofestival.ro<\/a> <\/u><\/strong><\/p>\n<p><strong>Biletele sunt disponibile pe\u00a0<\/strong><strong><a href=\"https:\/\/www.bilete.ro\/categorii\/concerte\/sala-radio\/\">www.bilete.ro<\/a><\/strong><strong>, \u00een oficiile Po\u015ftei Rom\u00e2ne, \u00een magazinele Inmedio semnalizate bilete.ro \u015fi la Casa de bilete a S\u0103lii Radio.<\/strong><\/p>\n<p>&nbsp;<\/p>\n<p>&nbsp;<\/p>\n<p><strong>Produc<\/strong><strong>\u0103tor<\/strong>: <strong>Radio Rom\u00e2nia<\/strong><\/p>\n<p><strong>Coproduc\u0103tor<\/strong>: Guvernul Rom\u00e2niei, prin Ministerul Culturii \u0219i Identit\u0103\u021bii Na\u021bionale<\/p>\n<p><strong>Coproduc\u0103tor artistic<\/strong>\u00a0: TVR, TVR 3<\/p>\n<p><strong>Organizator\u00a0<\/strong>: Artexim<\/p>\n<p><strong>Parteneri<\/strong>: Prim\u0103ria Capitalei prin ARCUB \u0219i MNAR (Muzeul Na\u021bional de Art\u0103 al Rom\u00e2niei)<\/p>\n<p><strong>Transportator oficial<\/strong>: Dacia<\/p>\n<p>&nbsp;<\/p>\n<p><strong>Cu sprijinul<\/strong>: British Council, Instituto Cervantes, Institut Francais, Goethe Institut, Libr\u0103riile Humanitas, Flor\u0103ria IRIS, Aqua Carpatica, PRO Estetica<\/p>\n<p>&nbsp;<\/p>\n<p><strong>Parteneri media: <\/strong>Radio Rom\u00e2nia Muzical, Radio Rom\u00e2nia Cultural, Cariere, Adev\u0103rul, Dilema Veche, Unica, Avantaje, TV Mania, Psychologies, Eva.ro.<\/p>\n<p>&nbsp;<\/p>\n","protected":false},"excerpt":{"rendered":"<p>Festivalul Interna\u021bional al Orchestrelor Radio \u201dRadiRo\u201d &#8211; edi\u021bia a IV-a \u2013 eveniment produs \u0219i organizat de Radio Rom\u00e2nia &#8211; are o semnifica\u021bie special\u0103 \u00een acest an, fiind dedicat deopotriv\u0103 anivers\u0103rii a 90 de ani de existen\u021b\u0103 a postului public de radio \u0219i marc\u0103rii Centenarului Rom\u00e2niei. Ansamblurile invitate, reprezent\u00e2nd radiodifuziuni de prestigiu din Europa, vin la &hellip; <\/p>\n","protected":false},"author":2,"featured_media":0,"comment_status":"closed","ping_status":"closed","sticky":false,"template":"","format":"standard","meta":[],"categories":[133],"tags":[],"_links":{"self":[{"href":"https:\/\/www.radirofestival.ro\/index.php?rest_route=\/wp\/v2\/posts\/1081"}],"collection":[{"href":"https:\/\/www.radirofestival.ro\/index.php?rest_route=\/wp\/v2\/posts"}],"about":[{"href":"https:\/\/www.radirofestival.ro\/index.php?rest_route=\/wp\/v2\/types\/post"}],"author":[{"embeddable":true,"href":"https:\/\/www.radirofestival.ro\/index.php?rest_route=\/wp\/v2\/users\/2"}],"replies":[{"embeddable":true,"href":"https:\/\/www.radirofestival.ro\/index.php?rest_route=%2Fwp%2Fv2%2Fcomments&post=1081"}],"version-history":[{"count":2,"href":"https:\/\/www.radirofestival.ro\/index.php?rest_route=\/wp\/v2\/posts\/1081\/revisions"}],"predecessor-version":[{"id":1411,"href":"https:\/\/www.radirofestival.ro\/index.php?rest_route=\/wp\/v2\/posts\/1081\/revisions\/1411"}],"wp:attachment":[{"href":"https:\/\/www.radirofestival.ro\/index.php?rest_route=%2Fwp%2Fv2%2Fmedia&parent=1081"}],"wp:term":[{"taxonomy":"category","embeddable":true,"href":"https:\/\/www.radirofestival.ro\/index.php?rest_route=%2Fwp%2Fv2%2Fcategories&post=1081"},{"taxonomy":"post_tag","embeddable":true,"href":"https:\/\/www.radirofestival.ro\/index.php?rest_route=%2Fwp%2Fv2%2Ftags&post=1081"}],"curies":[{"name":"wp","href":"https:\/\/api.w.org\/{rel}","templated":true}]}}